{"id":3274,"date":"2023-05-27T22:20:56","date_gmt":"2023-05-27T22:20:56","guid":{"rendered":"https:\/\/www.eduvitanova.com\/?p=3274"},"modified":"2025-12-19T13:21:52","modified_gmt":"2025-12-19T13:21:52","slug":"roma-tor-vergata-universitesi-akademik-mukemmellik-ve-kulturel-zenginlik-icin-ideal-bir-secenek","status":"publish","type":"post","link":"https:\/\/www.eduvitanova.com\/index.php\/2023\/05\/27\/roma-tor-vergata-universitesi-akademik-mukemmellik-ve-kulturel-zenginlik-icin-ideal-bir-secenek\/","title":{"rendered":"Roma Tor Vergata \u00dcniversitesi: Akademik M\u00fckemmellik ve K\u00fclt\u00fcrel Zenginlik \u0130\u00e7in \u0130deal Bir Se\u00e7enek"},"content":{"rendered":"\n<p><a href=\"https:\/\/www.eduvitanova.com\/index.php\/2023\/05\/27\/sapienza-roma-universitesi-tarihi-ve-akademik-mukemmeliyetin-baskentindeki-ileri-egitim\/\">Roma<\/a> Tor Vergata \u00dcniversitesi, \u0130talya&#8217;n\u0131n ba\u015fkenti Roma&#8217;da bulunan ve akademik m\u00fckemmellikle tan\u0131nan bir \u00fcniversitedir. Geni\u015f kapsaml\u0131 lisans ve y\u00fcksek lisans programlar\u0131, ara\u015ft\u0131rma f\u0131rsatlar\u0131 ve zengin k\u00fclt\u00fcrel \u00e7evresi vard\u0131r. B\u00f6ylece, \u00f6\u011frencilere benzersiz bir e\u011fitim deneyimi sunar. Bu blog yaz\u0131s\u0131nda, <a href=\"https:\/\/www.eduvitanova.com\/index.php\/2023\/05\/27\/sapienza-roma-universitesi-tarihi-ve-akademik-mukemmeliyetin-baskentindeki-ileri-egitim\/\">Roma<\/a> Tor Vergata \u00dcniversitesi&#8217;nin tarihini, programlar\u0131n\u0131, ara\u015ft\u0131rma faaliyetlerini ve \u00f6\u011frenci ya\u015fam\u0131n\u0131 detayl\u0131 bir \u015fekilde ke\u015ffedece\u011fiz.<\/p>\n\n\n\n<div class=\"wp-block-uagb-advanced-heading uagb-block-08f70779\"><div id=\"ez-toc-container\" class=\"ez-toc-v2_0_81 counter-hierarchy ez-toc-counter ez-toc-custom ez-toc-container-direction\">\n<div class=\"ez-toc-title-container\">\n<p class=\"ez-toc-title\" style=\"cursor:inherit\">\u0130\u00e7indekiler<\/p>\n<span class=\"ez-toc-title-toggle\"><a href=\"#\" class=\"ez-toc-pull-right ez-toc-btn ez-toc-btn-xs ez-toc-btn-default ez-toc-toggle\" aria-label=\"\u0130\u00e7indekiler Tablosunu A\u00e7\/Kapat\"><span class=\"ez-toc-js-icon-con\"><span class=\"\"><span class=\"eztoc-hide\" style=\"display:none;\">Toggle<\/span><span class=\"ez-toc-icon-toggle-span\"><svg style=\"fill: #dd3333;color:#dd3333\" xmlns=\"http:\/\/www.w3.org\/2000\/svg\" class=\"list-377408\" width=\"20px\" height=\"20px\" viewBox=\"0 0 24 24\" fill=\"none\"><path d=\"M6 6H4v2h2V6zm14 0H8v2h12V6zM4 11h2v2H4v-2zm16 0H8v2h12v-2zM4 16h2v2H4v-2zm16 0H8v2h12v-2z\" fill=\"currentColor\"><\/path><\/svg><svg style=\"fill: #dd3333;color:#dd3333\" class=\"arrow-unsorted-368013\" xmlns=\"http:\/\/www.w3.org\/2000\/svg\" width=\"10px\" height=\"10px\" viewBox=\"0 0 24 24\" version=\"1.2\" baseProfile=\"tiny\"><path d=\"M18.2 9.3l-6.2-6.3-6.2 6.3c-.2.2-.3.4-.3.7s.1.5.3.7c.2.2.4.3.7.3h11c.3 0 .5-.1.7-.3.2-.2.3-.5.3-.7s-.1-.5-.3-.7zM5.8 14.7l6.2 6.3 6.2-6.3c.2-.2.3-.5.3-.7s-.1-.5-.3-.7c-.2-.2-.4-.3-.7-.3h-11c-.3 0-.5.1-.7.3-.2.2-.3.5-.3.7s.1.5.3.7z\"\/><\/svg><\/span><\/span><\/span><\/a><\/span><\/div>\n<nav><ul class='ez-toc-list ez-toc-list-level-1 ' ><li class='ez-toc-page-1 ez-toc-heading-level-2'><a class=\"ez-toc-link ez-toc-heading-1\" href=\"https:\/\/www.eduvitanova.com\/index.php\/2023\/05\/27\/roma-tor-vergata-universitesi-akademik-mukemmellik-ve-kulturel-zenginlik-icin-ideal-bir-secenek\/#Akademik_Mukemmellik\" >Akademik M\u00fckemmellik:<\/a><\/li><li class='ez-toc-page-1 ez-toc-heading-level-2'><a class=\"ez-toc-link ez-toc-heading-2\" href=\"https:\/\/www.eduvitanova.com\/index.php\/2023\/05\/27\/roma-tor-vergata-universitesi-akademik-mukemmellik-ve-kulturel-zenginlik-icin-ideal-bir-secenek\/#Arastirma_ve_Inovasyon\" >Ara\u015ft\u0131rma ve \u0130novasyon:<\/a><\/li><li class='ez-toc-page-1 ez-toc-heading-level-2'><a class=\"ez-toc-link ez-toc-heading-3\" href=\"https:\/\/www.eduvitanova.com\/index.php\/2023\/05\/27\/roma-tor-vergata-universitesi-akademik-mukemmellik-ve-kulturel-zenginlik-icin-ideal-bir-secenek\/#Kulturel_Zenginlik\" >K\u00fclt\u00fcrel Zenginlik:<\/a><\/li><li class='ez-toc-page-1 ez-toc-heading-level-2'><a class=\"ez-toc-link ez-toc-heading-4\" href=\"https:\/\/www.eduvitanova.com\/index.php\/2023\/05\/27\/roma-tor-vergata-universitesi-akademik-mukemmellik-ve-kulturel-zenginlik-icin-ideal-bir-secenek\/#Uluslararasi_Ortam\" >Uluslararas\u0131 Ortam:<\/a><\/li><li class='ez-toc-page-1 ez-toc-heading-level-2'><a class=\"ez-toc-link ez-toc-heading-5\" href=\"https:\/\/www.eduvitanova.com\/index.php\/2023\/05\/27\/roma-tor-vergata-universitesi-akademik-mukemmellik-ve-kulturel-zenginlik-icin-ideal-bir-secenek\/#Ogrenci_Yasami_ve_Hizmetleri\" >\u00d6\u011frenci Ya\u015fam\u0131 ve Hizmetleri:<\/a><\/li><li class='ez-toc-page-1 ez-toc-heading-level-2'><a class=\"ez-toc-link ez-toc-heading-6\" href=\"https:\/\/www.eduvitanova.com\/index.php\/2023\/05\/27\/roma-tor-vergata-universitesi-akademik-mukemmellik-ve-kulturel-zenginlik-icin-ideal-bir-secenek\/#Dahasi\" >Dahas\u0131:<\/a><\/li><li class='ez-toc-page-1 ez-toc-heading-level-2'><a class=\"ez-toc-link ez-toc-heading-7\" href=\"https:\/\/www.eduvitanova.com\/index.php\/2023\/05\/27\/roma-tor-vergata-universitesi-akademik-mukemmellik-ve-kulturel-zenginlik-icin-ideal-bir-secenek\/#Ek_olarak\" >Ek olarak:<\/a><\/li><li class='ez-toc-page-1 ez-toc-heading-level-2'><a class=\"ez-toc-link ez-toc-heading-8\" href=\"https:\/\/www.eduvitanova.com\/index.php\/2023\/05\/27\/roma-tor-vergata-universitesi-akademik-mukemmellik-ve-kulturel-zenginlik-icin-ideal-bir-secenek\/#Sonuc_olarak\" >Sonu\u00e7 olarak:<\/a><ul class='ez-toc-list-level-3' ><li class='ez-toc-heading-level-3'><a class=\"ez-toc-link ez-toc-heading-9\" href=\"https:\/\/www.eduvitanova.com\/index.php\/2023\/05\/27\/roma-tor-vergata-universitesi-akademik-mukemmellik-ve-kulturel-zenginlik-icin-ideal-bir-secenek\/#Bizi_Sosyal_Medyada_Takip_Edin\" >Bizi Sosyal Medyada Takip Edin!<\/a><\/li><\/ul><\/li><\/ul><\/nav><\/div>\n<h2 class=\"uagb-heading-text\"><span class=\"ez-toc-section\" id=\"Akademik_Mukemmellik\"><\/span>Akademik M\u00fckemmellik:<span class=\"ez-toc-section-end\"><\/span><\/h2><\/div>\n\n\n\n<p><br><a href=\"https:\/\/www.eduvitanova.com\/index.php\/2023\/05\/27\/sapienza-roma-universitesi-tarihi-ve-akademik-mukemmeliyetin-baskentindeki-ileri-egitim\/\">Roma<\/a> Tor Vergata \u00dcniversitesi, akademik m\u00fckemmeliyeti hedefleyen bir kurumdur. Geni\u015f bir lisans ve y\u00fcksek lisans program\u0131 yelpazesi sunarak \u00f6\u011frencilere \u00e7e\u015fitli alanlarda uzmanla\u015fma imkan\u0131 sa\u011flar. Ayr\u0131ca, <a href=\"https:\/\/www.eduvitanova.com\/index.php\/2023\/05\/27\/italyada-muhendislik-okumak-prestijli-universitelerin-ilham-veren-dunyasi\/\">m\u00fchendislik<\/a>, sosyal bilimler, do\u011fa bilimleri, t\u0131p, <a href=\"https:\/\/www.eduvitanova.com\/index.php\/2023\/05\/27\/italyada-ekonomi-ve-isletme-egitimi-kuresel-basari-icin-ideal-bir-adim\/\">ekonomi<\/a>, hukuk ve be\u015feri bilimler gibi \u00e7e\u015fitli disiplinlerde g\u00fc\u00e7l\u00fc fak\u00fcltelere sahiptir. Kaliteli \u00f6\u011fretim kadrosu, \u00f6\u011frencilerin akademik geli\u015fimini destekler ve ileri d\u00fczey ara\u015ft\u0131rmalar\u0131n yap\u0131lmas\u0131n\u0131 te\u015fvik eder.<\/p>\n\n\n\n<div class=\"wp-block-uagb-advanced-heading uagb-block-b49ef1f1\"><h2 class=\"uagb-heading-text\"><span class=\"ez-toc-section\" id=\"Arastirma_ve_Inovasyon\"><\/span>Ara\u015ft\u0131rma ve \u0130novasyon:<span class=\"ez-toc-section-end\"><\/span><\/h2><\/div>\n\n\n\n<p><br><a href=\"https:\/\/www.eduvitanova.com\/index.php\/2023\/05\/27\/sapienza-roma-universitesi-tarihi-ve-akademik-mukemmeliyetin-baskentindeki-ileri-egitim\/\">Roma<\/a> Tor Vergata \u00dcniversitesi, ara\u015ft\u0131rma ve inovasyonu \u00f6n planda tutar. Bir dizi ara\u015ft\u0131rma merkezi ve laboratuvar\u0131 b\u00fcnyesinde bar\u0131nd\u0131r\u0131r ve \u00f6\u011frencilere \u00e7e\u015fitli ara\u015ft\u0131rma f\u0131rsatlar\u0131 sunar. \u0130leri teknoloji, t\u0131p, enerji, \u00e7evre, sosyal bilimler ve di\u011fer pek \u00e7ok alanda yap\u0131lan ara\u015ft\u0131rmalar\u0131 ile \u00fcnl\u00fcd\u00fcr. B\u00f6ylece, \u00fcniversitenin ulusal ve uluslararas\u0131 alanda tan\u0131nmas\u0131n\u0131 sa\u011flar. \u00d6\u011frenciler, ara\u015ft\u0131rma projelerine kat\u0131larak ger\u00e7ek d\u00fcnya sorunlar\u0131na \u00e7\u00f6z\u00fcm bulma f\u0131rsat\u0131 elde ederler.<\/p>\n\n\n\n<div class=\"wp-block-uagb-advanced-heading uagb-block-c82d2ea6\"><h2 class=\"uagb-heading-text\"><span class=\"ez-toc-section\" id=\"Kulturel_Zenginlik\"><\/span>K\u00fclt\u00fcrel Zenginlik:<span class=\"ez-toc-section-end\"><\/span><\/h2><\/div>\n\n\n\n<p><br><a href=\"https:\/\/www.eduvitanova.com\/index.php\/2023\/05\/27\/sapienza-roma-universitesi-tarihi-ve-akademik-mukemmeliyetin-baskentindeki-ileri-egitim\/\">Roma<\/a> Tor Vergata \u00dcniversitesi&#8217;nin en b\u00fcy\u00fck avantajlar\u0131ndan biri, Roma&#8217;n\u0131n k\u00fclt\u00fcrel zenginli\u011fi ve tarihi miras\u0131na ev sahipli\u011fi yapmas\u0131d\u0131r. \u00d6\u011frenciler, Roma&#8217;n\u0131n tarihi yap\u0131lar\u0131n\u0131, <a href=\"https:\/\/www.eduvitanova.com\/index.php\/2023\/05\/27\/italyada-sanat-egitimi-ustalarin-izinde-sanatsal-gelisim\/\">sanat<\/a> galerilerini, m\u00fczelerini ve arkeolojik sitelerini ke\u015ffedebilirler. Dahas\u0131, <a href=\"https:\/\/www.eduvitanova.com\/index.php\/2023\/05\/27\/sapienza-roma-universitesi-tarihi-ve-akademik-mukemmeliyetin-baskentindeki-ileri-egitim\/\">Roma<\/a>, antik \u00e7a\u011fdan modern d\u00f6neme kadar uzanan bir ge\u00e7mi\u015fe sahiptir. B\u00f6ylece, d\u00fcnya \u00e7ap\u0131nda bir turistik merkezdir. \u00d6\u011frenciler, tarih,<a href=\"https:\/\/www.eduvitanova.com\/index.php\/2023\/05\/27\/italyada-sanat-egitimi-ustalarin-izinde-sanatsal-gelisim\/\">sanat<\/a> ve k\u00fclt\u00fcrle i\u00e7 i\u00e7e bir ya\u015fam s\u00fcrerek, e\u015fsiz bir deneyim ya\u015farlar. <a href=\"https:\/\/www.eduvitanova.com\/index.php\/2023\/05\/27\/sapienza-roma-universitesi-tarihi-ve-akademik-mukemmeliyetin-baskentindeki-ileri-egitim\/\">Roma<\/a> Tor Vergata \u00dcniversitesi \u00f6\u011frencileri, bu k\u00fclt\u00fcrel zenginlikten faydalanarak akademik \u00e7al\u0131\u015fmalar\u0131n\u0131 destekleyen bir \u00e7evrede bulunurlar.<\/p>\n\n\n\n<div class=\"wp-block-uagb-advanced-heading uagb-block-1382d376\"><h2 class=\"uagb-heading-text\"><span class=\"ez-toc-section\" id=\"Uluslararasi_Ortam\"><\/span>Uluslararas\u0131 Ortam:<span class=\"ez-toc-section-end\"><\/span><\/h2><\/div>\n\n\n\n<p><br><a href=\"https:\/\/www.eduvitanova.com\/index.php\/2023\/05\/27\/sapienza-roma-universitesi-tarihi-ve-akademik-mukemmeliyetin-baskentindeki-ileri-egitim\/\">Roma<\/a> Tor Vergata \u00dcniversitesi, uluslararas\u0131 \u00f6\u011frenciler i\u00e7in de cazip bir se\u00e7enektir. \u00dcniversite, bir\u00e7ok uluslararas\u0131 \u00f6\u011frenci program\u0131, de\u011fi\u015fim programlar\u0131 ve \u00e7ift diploma programlar\u0131 sunar. Ek olarak, Bu programlar, \u00f6\u011frencilere k\u00fcresel bir perspektif kazand\u0131r\u0131r, farkl\u0131 k\u00fclt\u00fcrleri tan\u0131malar\u0131n\u0131 sa\u011flar ve uluslararas\u0131 a\u011flar olu\u015ftururlar. Uluslararas\u0131 \u00f6\u011frenciler, \u00e7e\u015fitli etkinliklere kat\u0131larak yeni arkada\u015fl\u0131klar kurabilir ve k\u00fclt\u00fcrel al\u0131\u015fveri\u015flerde bulunabilirler.<\/p>\n\n\n\n<div class=\"wp-block-uagb-advanced-heading uagb-block-ecf402de\"><h2 class=\"uagb-heading-text\"><span class=\"ez-toc-section\" id=\"Ogrenci_Yasami_ve_Hizmetleri\"><\/span>\u00d6\u011frenci Ya\u015fam\u0131 ve Hizmetleri:<span class=\"ez-toc-section-end\"><\/span><\/h2><\/div>\n\n\n\n<p><br><a href=\"https:\/\/www.eduvitanova.com\/index.php\/2023\/05\/27\/sapienza-roma-universitesi-tarihi-ve-akademik-mukemmeliyetin-baskentindeki-ileri-egitim\/\">Roma<\/a> Tor Vergata \u00dcniversitesi, \u00f6\u011frencilerin akademik ba\u015far\u0131lar\u0131n\u0131 desteklemek ve ki\u015fisel geli\u015fimlerini te\u015fvik etmek i\u00e7in bir dizi hizmet sunar. K\u00fct\u00fcphaneler, bilgisayar laboratuvarlar\u0131, spor tesisleri, \u00f6\u011frenci kul\u00fcpleri ve sosyal etkinlikler gibi kaynaklar \u00f6\u011frencilerin \u00f6\u011frenme deneyimini zenginle\u015ftirir. Ek olarak, \u00dcniversite, \u00f6\u011frencilerin kariyerlerine y\u00f6nelik destek sa\u011flamak amac\u0131yla kariyer dan\u0131\u015fmanl\u0131\u011f\u0131 hizmetleri, staj f\u0131rsatlar\u0131 ve i\u015fverenlerle ba\u011flant\u0131lar sunar.<\/p>\n\n\n\n<p>\u0130\u015fbirli\u011fi ve End\u00fcstri Ba\u011flant\u0131lar\u0131:<\/p>\n\n\n\n<div class=\"wp-block-uagb-advanced-heading uagb-block-820b8a2d\"><h2 class=\"uagb-heading-text\"><span class=\"ez-toc-section\" id=\"Dahasi\"><\/span>Dahas\u0131:<span class=\"ez-toc-section-end\"><\/span><\/h2><\/div>\n\n\n\n<p><br><a href=\"https:\/\/www.eduvitanova.com\/index.php\/2023\/05\/27\/sapienza-roma-universitesi-tarihi-ve-akademik-mukemmeliyetin-baskentindeki-ileri-egitim\/\">Roma<\/a> Tor Vergata \u00dcniversitesi, i\u015f d\u00fcnyas\u0131 ve end\u00fcstri ile yak\u0131n ili\u015fkileri olan bir kurumdur. \u00dcniversite, \u00f6\u011frencilerin mezuniyet sonras\u0131 istihdam i\u00e7in haz\u0131rlanmalar\u0131n\u0131 sa\u011flayacak staj ve i\u015fyeri deneyimi f\u0131rsatlar\u0131 sunar. Ayr\u0131ca, i\u015fverenlerle i\u015fbirli\u011fi i\u00e7inde \u00e7al\u0131\u015farak \u00f6\u011frencilerin i\u015f f\u0131rsatlar\u0131na eri\u015fimini kolayla\u015ft\u0131r\u0131r. Bu ba\u011flant\u0131lar, \u00f6\u011frencilere sekt\u00f6r liderleriyle a\u011f kurma ve profesyonel geli\u015fimlerini destekleme f\u0131rsat\u0131 sunar.<\/p>\n\n\n\n<p><a href=\"https:\/\/www.eduvitanova.com\/index.php\/2023\/05\/27\/sapienza-roma-universitesi-tarihi-ve-akademik-mukemmeliyetin-baskentindeki-ileri-egitim\/\">Roma<\/a> Tor Vergata \u00dcniversitesi, akademik m\u00fckemmellik, ara\u015ft\u0131rma ve inovasyon, k\u00fclt\u00fcrel zenginlik, uluslararas\u0131 ortam, \u00f6\u011frenci ya\u015fam\u0131 ve i\u015fbirli\u011fi olanaklar\u0131 ile \u00f6\u011frenciler i\u00e7in ideal bir se\u00e7enektir. Roma&#8217;n\u0131n tarihi ve k\u00fclt\u00fcrel miras\u0131, \u00f6\u011frencilere e\u015fsiz bir \u00f6\u011frenme ve ya\u015fam deneyimi sunar. \u00dcniversitenin geni\u015f program yelpazesi, \u00f6\u011frencilerin ilgi alanlar\u0131ve hedefleri do\u011frultusunda kendilerini geli\u015ftirmelerine olanak tan\u0131r. <a href=\"https:\/\/www.eduvitanova.com\/index.php\/2023\/05\/27\/sapienza-roma-universitesi-tarihi-ve-akademik-mukemmeliyetin-baskentindeki-ileri-egitim\/\">Roma<\/a> Tor Vergata \u00dcniversitesi&#8217;nde e\u011fitim alarak, \u00f6\u011frenciler hem akademik ba\u015far\u0131lar\u0131n\u0131 ilerletebilir hem de k\u00fclt\u00fcrel olarak zengin bir deneyim ya\u015fayabilirler.<\/p>\n\n\n\n<p><a href=\"https:\/\/www.eduvitanova.com\/index.php\/2023\/05\/27\/sapienza-roma-universitesi-tarihi-ve-akademik-mukemmeliyetin-baskentindeki-ileri-egitim\/\">Roma<\/a> Tor Vergata \u00dcniversitesi, uluslararas\u0131 alanda tan\u0131nan bir kurumdur. B\u00f6ylece, \u00f6\u011frencilerine kapsaml\u0131 bir e\u011fitim sunman\u0131n yan\u0131 s\u0131ra k\u00fcresel bir perspektif kazand\u0131rmaktad\u0131r. \u00d6\u011frenciler, farkl\u0131 k\u00fclt\u00fcrlerden gelen uluslararas\u0131 \u00f6\u011frenci toplulu\u011fuyla etkile\u015fimde bulunarak, k\u00fclt\u00fcrel \u00e7e\u015fitlilik ve anlay\u0131\u015f\u0131 art\u0131rabilirler.<\/p>\n\n\n\n<div class=\"wp-block-uagb-advanced-heading uagb-block-bb35080f\"><h2 class=\"uagb-heading-text\"><span class=\"ez-toc-section\" id=\"Ek_olarak\"><\/span>Ek olarak:<span class=\"ez-toc-section-end\"><\/span><\/h2><\/div>\n\n\n\n<p>\u00dcniversite ayn\u0131 zamanda ara\u015ft\u0131rma ve inovasyonun da \u00f6nemli bir merkezidir. \u00d6\u011frenciler, \u00f6nc\u00fc ara\u015ft\u0131rma projelerine kat\u0131larak ve fak\u00fclte \u00fcyeleriyle birlikte \u00e7al\u0131\u015farak bilgi ve becerilerini ilerletebilirler. Bu deneyimler, \u00f6\u011frencilerin akademik kariyerlerine de\u011fer katarak mezuniyet sonras\u0131 ba\u015far\u0131lar\u0131n\u0131 art\u0131r\u0131r.<\/p>\n\n\n\n<p><a href=\"https:\/\/www.eduvitanova.com\/index.php\/2023\/05\/27\/sapienza-roma-universitesi-tarihi-ve-akademik-mukemmeliyetin-baskentindeki-ileri-egitim\/\">Roma<\/a> Tor Vergata \u00dcniversitesi&#8217;nin \u00f6\u011frenci ya\u015fam\u0131 da olduk\u00e7a hareketli ve dinamiktir. \u00d6\u011frenciler, bir\u00e7ok \u00f6\u011frenci kul\u00fcb\u00fcne kat\u0131labilir, sanatsal ve k\u00fclt\u00fcrel etkinliklere kat\u0131labilir. Ayr\u0131ca, spor tesislerinden faydalanabilir ve sosyal etkile\u015fimlerde bulunabilirler. Bu, \u00f6\u011frencilerin ders d\u0131\u015f\u0131 aktivitelerle denge sa\u011flamalar\u0131na ve kapsaml\u0131 bir \u00fcniversite deneyimi ya\u015famalar\u0131na yard\u0131mc\u0131 olur.<\/p>\n\n\n\n<div class=\"wp-block-uagb-advanced-heading uagb-block-c55a187b\"><h2 class=\"uagb-heading-text\"><span class=\"ez-toc-section\" id=\"Sonuc_olarak\"><\/span>Sonu\u00e7 olarak:<span class=\"ez-toc-section-end\"><\/span><\/h2><\/div>\n\n\n\n<p><a href=\"https:\/\/www.eduvitanova.com\/index.php\/2023\/05\/27\/sapienza-roma-universitesi-tarihi-ve-akademik-mukemmeliyetin-baskentindeki-ileri-egitim\/\">Roma<\/a> Tor Vergata \u00dcniversitesi, akademik m\u00fckemmellik, k\u00fclt\u00fcrel zenginlik, ara\u015ft\u0131rma olanaklar\u0131, uluslararas\u0131 ortam ve \u00f6\u011frenci ya\u015fam\u0131 ile \u00f6\u011frenciler i\u00e7in cazip bir se\u00e7enektir. \u00dcniversitenin sundu\u011fu f\u0131rsatlar, \u00f6\u011frencilerin akademik ve ki\u015fisel geli\u015fimlerini desteklerken, Roma&#8217;n\u0131n e\u015fsiz atmosferi keyiflidir. Ek olarak, k\u00fclt\u00fcrel miras\u0131 da \u00f6\u011frencilere unutulmaz bir \u00fcniversite deneyimi sunar. <a href=\"https:\/\/www.eduvitanova.com\/index.php\/2023\/05\/27\/sapienza-roma-universitesi-tarihi-ve-akademik-mukemmeliyetin-baskentindeki-ileri-egitim\/\">Roma<\/a> Tor Vergata \u00dcniversitesi&#8217;nde e\u011fitim almak geli\u015fim sa\u011flar. \u00d6\u011frencilere hem kariyerlerinde hem de hayatlar\u0131nda ilerlemek i\u00e7in g\u00fc\u00e7l\u00fc bir temel sunar.<\/p>\n\n\n\n<div class=\"wp-block-columns is-layout-flex wp-container-core-columns-is-layout-28f84493 wp-block-columns-is-layout-flex\">\n<div class=\"wp-block-column is-layout-flow wp-block-column-is-layout-flow\" style=\"flex-basis:100%\">\n<div class=\"wp-block-uagb-advanced-heading uagb-block-2c0c498a\"><h3 class=\"uagb-heading-text\"><span class=\"ez-toc-section\" id=\"Bizi_Sosyal_Medyada_Takip_Edin\"><\/span>Bizi Sosyal Medyada Takip Edin!<span class=\"ez-toc-section-end\"><\/span><\/h3><\/div>\n<\/div>\n<\/div>\n\n\n\n<p><a href=\"https:\/\/www.instagram.com\/EduVitaNova\/\" target=\"_blank\" rel=\"noreferrer noopener\">Instagram<\/a> <a href=\"https:\/\/www.facebook.com\/EduVitaNova\" target=\"_blank\" rel=\"noreferrer noopener\">Facebook<\/a> <a href=\"https:\/\/twitter.com\/EduVitaNova\" target=\"_blank\" rel=\"noreferrer noopener\">Twitter<\/a> <a href=\"https:\/\/www.youtube.com\/@EduVitaNova\" target=\"_blank\" rel=\"noreferrer noopener\">Youtube<\/a> <a href=\"https:\/\/wa.me\/905011219700?text=Merhaba,%20hizmetiniz%20hakk%C4%B1nda%20daha%20fazla%20bilgi%20edinmek%20istiyorum.%20Bana%20yard%C4%B1mc%C4%B1%20olabilir%20misiniz?\" target=\"_blank\" rel=\"noreferrer noopener\">Whatsapp<\/a><\/p>\n\n\n\n<p><a href=\"https:\/\/www.eduvitanova.com\/index.php\/italya-egitim-danismanligi-iletisim\/\" target=\"_blank\" rel=\"noreferrer noopener\">\u0130leti\u015fime Ge\u00e7in!<\/a><\/p>\n","protected":false},"excerpt":{"rendered":"<p>Roma Tor Vergata \u00dcniversitesi, \u0130talya&#8217;n\u0131n ba\u015fkenti Roma&#8217;da bulunan ve akademik m\u00fckemmellikle tan\u0131nan bir \u00fcniversitedir. Geni\u015f kapsaml\u0131 lisans ve y\u00fcksek lisans programlar\u0131, ara\u015ft\u0131rma f\u0131rsatlar\u0131 ve zengin k\u00fclt\u00fcrel \u00e7evresi vard\u0131r. B\u00f6ylece, \u00f6\u011frencilere benzersiz bir e\u011fitim deneyimi sunar. Bu blog yaz\u0131s\u0131nda, Roma Tor Vergata \u00dcniversitesi&#8217;nin tarihini, programlar\u0131n\u0131, ara\u015ft\u0131rma faaliyetlerini ve \u00f6\u011frenci ya\u015fam\u0131n\u0131 detayl\u0131 bir \u015fekilde ke\u015ffedece\u011fiz. Akademik M\u00fckemmellik: [&hellip;]<\/p>\n","protected":false},"author":1,"featured_media":3275,"comment_status":"closed","ping_status":"open","sticky":false,"template":"","format":"standard","meta":{"_uag_custom_page_level_css":"","site-sidebar-layout":"default","site-content-layout":"","ast-site-content-layout":"default","site-content-style":"default","site-sidebar-style":"default","ast-global-header-display":"","ast-banner-title-visibility":"","ast-main-header-display":"","ast-hfb-above-header-display":"","ast-hfb-below-header-display":"","ast-hfb-mobile-header-display":"","site-post-title":"","ast-breadcrumbs-content":"","ast-featured-img":"","footer-sml-layout":"","ast-disable-related-posts":"","theme-transparent-header-meta":"","adv-header-id-meta":"","stick-header-meta":"","header-above-stick-meta":"","header-main-stick-meta":"","header-below-stick-meta":"","astra-migrate-meta-layouts":"set","ast-page-background-enabled":"default","ast-page-background-meta":{"desktop":{"background-color":"","background-image":"","background-repeat":"repeat","background-position":"center center","background-size":"auto","background-attachment":"scroll","background-type":"","background-media":"","overlay-type":"","overlay-color":"","overlay-opacity":"","overlay-gradient":""},"tablet":{"background-color":"","background-image":"","background-repeat":"repeat","background-position":"center center","background-size":"auto","background-attachment":"scroll","background-type":"","background-media":"","overlay-type":"","overlay-color":"","overlay-opacity":"","overlay-gradient":""},"mobile":{"background-color":"","background-image":"","background-repeat":"repeat","background-position":"center center","background-size":"auto","background-attachment":"scroll","background-type":"","background-media":"","overlay-type":"","overlay-color":"","overlay-opacity":"","overlay-gradient":""}},"ast-content-background-meta":{"desktop":{"background-color":"var(--ast-global-color-5)","background-image":"","background-repeat":"repeat","background-position":"center center","background-size":"auto","background-attachment":"scroll","background-type":"","background-media":"","overlay-type":"","overlay-color":"","overlay-opacity":"","overlay-gradient":""},"tablet":{"background-color":"var(--ast-global-color-5)","background-image":"","background-repeat":"repeat","background-position":"center center","background-size":"auto","background-attachment":"scroll","background-type":"","background-media":"","overlay-type":"","overlay-color":"","overlay-opacity":"","overlay-gradient":""},"mobile":{"background-color":"var(--ast-global-color-5)","background-image":"","background-repeat":"repeat","background-position":"center center","background-size":"auto","background-attachment":"scroll","background-type":"","background-media":"","overlay-type":"","overlay-color":"","overlay-opacity":"","overlay-gradient":""}},"footnotes":""},"categories":[10,13],"tags":[],"class_list":["post-3274","post","type-post","status-publish","format-standard","has-post-thumbnail","hentry","category-egitim","category-universiteler"],"yoast_head":"<!-- This site is optimized with the Yoast SEO plugin v27.1.1 - https:\/\/yoast.com\/product\/yoast-seo-wordpress\/ -->\n<title>Roma Tor Vergata \u00dcniversitesi: Akademik M\u00fckemmellik ve K\u00fclt\u00fcrel Zenginlik \u0130\u00e7in \u0130deal Bir Se\u00e7enek - Edu Vita Nova \u0130talya E\u011fitim Dan\u0131\u015fmanl\u0131\u011f\u0131<\/title>\n<meta name=\"description\" content=\"Roma Tor Vergata \u00dcniversitesi: K\u00fcresel bir perspektif ile \u00e7e\u015fitli disiplinlerde e\u011fitim, ara\u015ft\u0131rmaya odakl\u0131 ve uluslararas\u0131 bir \u00fcniversite.\" \/>\n<meta name=\"robots\" content=\"index, follow, max-snippet:-1, max-image-preview:large, max-video-preview:-1\" \/>\n<link rel=\"canonical\" href=\"https:\/\/www.eduvitanova.com\/index.php\/2023\/05\/27\/roma-tor-vergata-universitesi-akademik-mukemmellik-ve-kulturel-zenginlik-icin-ideal-bir-secenek\/\" \/>\n<meta property=\"og:locale\" content=\"tr_TR\" \/>\n<meta property=\"og:type\" content=\"article\" \/>\n<meta property=\"og:title\" content=\"Roma Tor Vergata \u00dcniversitesi: Akademik M\u00fckemmellik ve K\u00fclt\u00fcrel Zenginlik \u0130\u00e7in \u0130deal Bir Se\u00e7enek - Edu Vita Nova \u0130talya E\u011fitim Dan\u0131\u015fmanl\u0131\u011f\u0131\" \/>\n<meta property=\"og:description\" content=\"Roma Tor Vergata \u00dcniversitesi: K\u00fcresel bir perspektif ile \u00e7e\u015fitli disiplinlerde e\u011fitim, ara\u015ft\u0131rmaya odakl\u0131 ve uluslararas\u0131 bir \u00fcniversite.\" \/>\n<meta property=\"og:url\" content=\"https:\/\/www.eduvitanova.com\/index.php\/2023\/05\/27\/roma-tor-vergata-universitesi-akademik-mukemmellik-ve-kulturel-zenginlik-icin-ideal-bir-secenek\/\" \/>\n<meta property=\"og:site_name\" content=\"Edu Vita Nova \u0130talya E\u011fitim Dan\u0131\u015fmanl\u0131\u011f\u0131\" \/>\n<meta property=\"article:publisher\" content=\"https:\/\/www.facebook.com\/EduVitaNova\" \/>\n<meta property=\"article:published_time\" content=\"2023-05-27T22:20:56+00:00\" \/>\n<meta property=\"article:modified_time\" content=\"2025-12-19T13:21:52+00:00\" \/>\n<meta property=\"og:image\" content=\"https:\/\/www.eduvitanova.com\/wp-content\/uploads\/2023\/05\/Logo-Universita-Roma-Tor-Vergata.png\" \/>\n\t<meta property=\"og:image:width\" content=\"1859\" \/>\n\t<meta property=\"og:image:height\" content=\"484\" \/>\n\t<meta property=\"og:image:type\" content=\"image\/png\" \/>\n<meta name=\"author\" content=\"EduVitaNova\" \/>\n<meta name=\"twitter:card\" content=\"summary_large_image\" \/>\n<meta name=\"twitter:creator\" content=\"@EduVitaNova\" \/>\n<meta name=\"twitter:site\" content=\"@EduVitaNova\" \/>\n<meta name=\"twitter:label1\" content=\"Yazan:\" \/>\n\t<meta name=\"twitter:data1\" content=\"EduVitaNova\" \/>\n\t<meta name=\"twitter:label2\" content=\"Tahmini okuma s\u00fcresi\" \/>\n\t<meta name=\"twitter:data2\" content=\"5 dakika\" \/>\n<script type=\"application\/ld+json\" class=\"yoast-schema-graph\">{\"@context\":\"https:\/\/schema.org\",\"@graph\":[{\"@type\":\"Article\",\"@id\":\"https:\/\/www.eduvitanova.com\/index.php\/2023\/05\/27\/roma-tor-vergata-universitesi-akademik-mukemmellik-ve-kulturel-zenginlik-icin-ideal-bir-secenek\/#article\",\"isPartOf\":{\"@id\":\"https:\/\/www.eduvitanova.com\/index.php\/2023\/05\/27\/roma-tor-vergata-universitesi-akademik-mukemmellik-ve-kulturel-zenginlik-icin-ideal-bir-secenek\/\"},\"author\":{\"name\":\"EduVitaNova\",\"@id\":\"https:\/\/www.eduvitanova.com\/#\/schema\/person\/db5d4b75c98cf2836234f435ff3570e6\"},\"headline\":\"Roma Tor Vergata \u00dcniversitesi: Akademik M\u00fckemmellik ve K\u00fclt\u00fcrel Zenginlik \u0130\u00e7in \u0130deal Bir Se\u00e7enek\",\"datePublished\":\"2023-05-27T22:20:56+00:00\",\"dateModified\":\"2025-12-19T13:21:52+00:00\",\"mainEntityOfPage\":{\"@id\":\"https:\/\/www.eduvitanova.com\/index.php\/2023\/05\/27\/roma-tor-vergata-universitesi-akademik-mukemmellik-ve-kulturel-zenginlik-icin-ideal-bir-secenek\/\"},\"wordCount\":990,\"publisher\":{\"@id\":\"https:\/\/www.eduvitanova.com\/#organization\"},\"image\":{\"@id\":\"https:\/\/www.eduvitanova.com\/index.php\/2023\/05\/27\/roma-tor-vergata-universitesi-akademik-mukemmellik-ve-kulturel-zenginlik-icin-ideal-bir-secenek\/#primaryimage\"},\"thumbnailUrl\":\"https:\/\/www.eduvitanova.com\/wp-content\/uploads\/2023\/05\/Logo-Universita-Roma-Tor-Vergata.png\",\"articleSection\":[\"E\u011fitim\",\"\u00dcniversiteler\"],\"inLanguage\":\"tr\"},{\"@type\":\"WebPage\",\"@id\":\"https:\/\/www.eduvitanova.com\/index.php\/2023\/05\/27\/roma-tor-vergata-universitesi-akademik-mukemmellik-ve-kulturel-zenginlik-icin-ideal-bir-secenek\/\",\"url\":\"https:\/\/www.eduvitanova.com\/index.php\/2023\/05\/27\/roma-tor-vergata-universitesi-akademik-mukemmellik-ve-kulturel-zenginlik-icin-ideal-bir-secenek\/\",\"name\":\"Roma Tor Vergata \u00dcniversitesi: Akademik M\u00fckemmellik ve K\u00fclt\u00fcrel Zenginlik \u0130\u00e7in \u0130deal Bir Se\u00e7enek - Edu Vita Nova \u0130talya E\u011fitim Dan\u0131\u015fmanl\u0131\u011f\u0131\",\"isPartOf\":{\"@id\":\"https:\/\/www.eduvitanova.com\/#website\"},\"primaryImageOfPage\":{\"@id\":\"https:\/\/www.eduvitanova.com\/index.php\/2023\/05\/27\/roma-tor-vergata-universitesi-akademik-mukemmellik-ve-kulturel-zenginlik-icin-ideal-bir-secenek\/#primaryimage\"},\"image\":{\"@id\":\"https:\/\/www.eduvitanova.com\/index.php\/2023\/05\/27\/roma-tor-vergata-universitesi-akademik-mukemmellik-ve-kulturel-zenginlik-icin-ideal-bir-secenek\/#primaryimage\"},\"thumbnailUrl\":\"https:\/\/www.eduvitanova.com\/wp-content\/uploads\/2023\/05\/Logo-Universita-Roma-Tor-Vergata.png\",\"datePublished\":\"2023-05-27T22:20:56+00:00\",\"dateModified\":\"2025-12-19T13:21:52+00:00\",\"description\":\"Roma Tor Vergata \u00dcniversitesi: K\u00fcresel bir perspektif ile \u00e7e\u015fitli disiplinlerde e\u011fitim, ara\u015ft\u0131rmaya odakl\u0131 ve uluslararas\u0131 bir \u00fcniversite.\",\"breadcrumb\":{\"@id\":\"https:\/\/www.eduvitanova.com\/index.php\/2023\/05\/27\/roma-tor-vergata-universitesi-akademik-mukemmellik-ve-kulturel-zenginlik-icin-ideal-bir-secenek\/#breadcrumb\"},\"inLanguage\":\"tr\",\"potentialAction\":[{\"@type\":\"ReadAction\",\"target\":[\"https:\/\/www.eduvitanova.com\/index.php\/2023\/05\/27\/roma-tor-vergata-universitesi-akademik-mukemmellik-ve-kulturel-zenginlik-icin-ideal-bir-secenek\/\"]}]},{\"@type\":\"ImageObject\",\"inLanguage\":\"tr\",\"@id\":\"https:\/\/www.eduvitanova.com\/index.php\/2023\/05\/27\/roma-tor-vergata-universitesi-akademik-mukemmellik-ve-kulturel-zenginlik-icin-ideal-bir-secenek\/#primaryimage\",\"url\":\"https:\/\/www.eduvitanova.com\/wp-content\/uploads\/2023\/05\/Logo-Universita-Roma-Tor-Vergata.png\",\"contentUrl\":\"https:\/\/www.eduvitanova.com\/wp-content\/uploads\/2023\/05\/Logo-Universita-Roma-Tor-Vergata.png\",\"width\":1859,\"height\":484},{\"@type\":\"BreadcrumbList\",\"@id\":\"https:\/\/www.eduvitanova.com\/index.php\/2023\/05\/27\/roma-tor-vergata-universitesi-akademik-mukemmellik-ve-kulturel-zenginlik-icin-ideal-bir-secenek\/#breadcrumb\",\"itemListElement\":[{\"@type\":\"ListItem\",\"position\":1,\"name\":\"Anasayfa\",\"item\":\"https:\/\/www.eduvitanova.com\/\"},{\"@type\":\"ListItem\",\"position\":2,\"name\":\"Roma Tor Vergata \u00dcniversitesi: Akademik M\u00fckemmellik ve K\u00fclt\u00fcrel Zenginlik \u0130\u00e7in \u0130deal Bir Se\u00e7enek\"}]},{\"@type\":\"WebSite\",\"@id\":\"https:\/\/www.eduvitanova.com\/#website\",\"url\":\"https:\/\/www.eduvitanova.com\/\",\"name\":\"Edu Vita Nova \u0130talya E\u011fitim Dan\u0131\u015fmanl\u0131\u011f\u0131\",\"description\":\"\u0130talya E\u011fitim Dan\u0131\u015fmanl\u0131\u011f\u0131\",\"publisher\":{\"@id\":\"https:\/\/www.eduvitanova.com\/#organization\"},\"potentialAction\":[{\"@type\":\"SearchAction\",\"target\":{\"@type\":\"EntryPoint\",\"urlTemplate\":\"https:\/\/www.eduvitanova.com\/?s={search_term_string}\"},\"query-input\":{\"@type\":\"PropertyValueSpecification\",\"valueRequired\":true,\"valueName\":\"search_term_string\"}}],\"inLanguage\":\"tr\"},{\"@type\":\"Organization\",\"@id\":\"https:\/\/www.eduvitanova.com\/#organization\",\"name\":\"Edu Vita Nova \u0130talya E\u011fitim Dan\u0131\u015fmanl\u0131\u011f\u0131\",\"url\":\"https:\/\/www.eduvitanova.com\/\",\"logo\":{\"@type\":\"ImageObject\",\"inLanguage\":\"tr\",\"@id\":\"https:\/\/www.eduvitanova.com\/#\/schema\/logo\/image\/\",\"url\":\"https:\/\/www.eduvitanova.com\/wp-content\/uploads\/2023\/06\/Edu-Vita-Nova-Italya-Egitim-Danismanligi-Logo.png\",\"contentUrl\":\"https:\/\/www.eduvitanova.com\/wp-content\/uploads\/2023\/06\/Edu-Vita-Nova-Italya-Egitim-Danismanligi-Logo.png\",\"width\":1563,\"height\":1563,\"caption\":\"Edu Vita Nova \u0130talya E\u011fitim Dan\u0131\u015fmanl\u0131\u011f\u0131\"},\"image\":{\"@id\":\"https:\/\/www.eduvitanova.com\/#\/schema\/logo\/image\/\"},\"sameAs\":[\"https:\/\/www.facebook.com\/EduVitaNova\",\"https:\/\/x.com\/EduVitaNova\",\"https:\/\/www.instagram.com\/EduVitaNova\/\",\"https:\/\/www.youtube.com\/@EduVitaNova\"]},{\"@type\":\"Person\",\"@id\":\"https:\/\/www.eduvitanova.com\/#\/schema\/person\/db5d4b75c98cf2836234f435ff3570e6\",\"name\":\"EduVitaNova\",\"image\":{\"@type\":\"ImageObject\",\"inLanguage\":\"tr\",\"@id\":\"https:\/\/www.eduvitanova.com\/#\/schema\/person\/image\/\",\"url\":\"https:\/\/www.eduvitanova.com\/wp-content\/litespeed\/avatar\/81ebf0c53cc395ddc25778df5efe41f9.jpg?ver=1777588170\",\"contentUrl\":\"https:\/\/www.eduvitanova.com\/wp-content\/litespeed\/avatar\/81ebf0c53cc395ddc25778df5efe41f9.jpg?ver=1777588170\",\"caption\":\"EduVitaNova\"},\"sameAs\":[\"https:\/\/www.eduvitanova.com\"],\"url\":\"https:\/\/www.eduvitanova.com\/index.php\/author\/admin\/\"}]}<\/script>\n<!-- \/ Yoast SEO plugin. -->","yoast_head_json":{"title":"Roma Tor Vergata \u00dcniversitesi: Akademik M\u00fckemmellik ve K\u00fclt\u00fcrel Zenginlik \u0130\u00e7in \u0130deal Bir Se\u00e7enek - Edu Vita Nova \u0130talya E\u011fitim Dan\u0131\u015fmanl\u0131\u011f\u0131","description":"Roma Tor Vergata \u00dcniversitesi: K\u00fcresel bir perspektif ile \u00e7e\u015fitli disiplinlerde e\u011fitim, ara\u015ft\u0131rmaya odakl\u0131 ve uluslararas\u0131 bir \u00fcniversite.","robots":{"index":"index","follow":"follow","max-snippet":"max-snippet:-1","max-image-preview":"max-image-preview:large","max-video-preview":"max-video-preview:-1"},"canonical":"https:\/\/www.eduvitanova.com\/index.php\/2023\/05\/27\/roma-tor-vergata-universitesi-akademik-mukemmellik-ve-kulturel-zenginlik-icin-ideal-bir-secenek\/","og_locale":"tr_TR","og_type":"article","og_title":"Roma Tor Vergata \u00dcniversitesi: Akademik M\u00fckemmellik ve K\u00fclt\u00fcrel Zenginlik \u0130\u00e7in \u0130deal Bir Se\u00e7enek - Edu Vita Nova \u0130talya E\u011fitim Dan\u0131\u015fmanl\u0131\u011f\u0131","og_description":"Roma Tor Vergata \u00dcniversitesi: K\u00fcresel bir perspektif ile \u00e7e\u015fitli disiplinlerde e\u011fitim, ara\u015ft\u0131rmaya odakl\u0131 ve uluslararas\u0131 bir \u00fcniversite.","og_url":"https:\/\/www.eduvitanova.com\/index.php\/2023\/05\/27\/roma-tor-vergata-universitesi-akademik-mukemmellik-ve-kulturel-zenginlik-icin-ideal-bir-secenek\/","og_site_name":"Edu Vita Nova \u0130talya E\u011fitim Dan\u0131\u015fmanl\u0131\u011f\u0131","article_publisher":"https:\/\/www.facebook.com\/EduVitaNova","article_published_time":"2023-05-27T22:20:56+00:00","article_modified_time":"2025-12-19T13:21:52+00:00","og_image":[{"width":1859,"height":484,"url":"https:\/\/www.eduvitanova.com\/wp-content\/uploads\/2023\/05\/Logo-Universita-Roma-Tor-Vergata.png","type":"image\/png"}],"author":"EduVitaNova","twitter_card":"summary_large_image","twitter_creator":"@EduVitaNova","twitter_site":"@EduVitaNova","twitter_misc":{"Yazan:":"EduVitaNova","Tahmini okuma s\u00fcresi":"5 dakika"},"schema":{"@context":"https:\/\/schema.org","@graph":[{"@type":"Article","@id":"https:\/\/www.eduvitanova.com\/index.php\/2023\/05\/27\/roma-tor-vergata-universitesi-akademik-mukemmellik-ve-kulturel-zenginlik-icin-ideal-bir-secenek\/#article","isPartOf":{"@id":"https:\/\/www.eduvitanova.com\/index.php\/2023\/05\/27\/roma-tor-vergata-universitesi-akademik-mukemmellik-ve-kulturel-zenginlik-icin-ideal-bir-secenek\/"},"author":{"name":"EduVitaNova","@id":"https:\/\/www.eduvitanova.com\/#\/schema\/person\/db5d4b75c98cf2836234f435ff3570e6"},"headline":"Roma Tor Vergata \u00dcniversitesi: Akademik M\u00fckemmellik ve K\u00fclt\u00fcrel Zenginlik \u0130\u00e7in \u0130deal Bir Se\u00e7enek","datePublished":"2023-05-27T22:20:56+00:00","dateModified":"2025-12-19T13:21:52+00:00","mainEntityOfPage":{"@id":"https:\/\/www.eduvitanova.com\/index.php\/2023\/05\/27\/roma-tor-vergata-universitesi-akademik-mukemmellik-ve-kulturel-zenginlik-icin-ideal-bir-secenek\/"},"wordCount":990,"publisher":{"@id":"https:\/\/www.eduvitanova.com\/#organization"},"image":{"@id":"https:\/\/www.eduvitanova.com\/index.php\/2023\/05\/27\/roma-tor-vergata-universitesi-akademik-mukemmellik-ve-kulturel-zenginlik-icin-ideal-bir-secenek\/#primaryimage"},"thumbnailUrl":"https:\/\/www.eduvitanova.com\/wp-content\/uploads\/2023\/05\/Logo-Universita-Roma-Tor-Vergata.png","articleSection":["E\u011fitim","\u00dcniversiteler"],"inLanguage":"tr"},{"@type":"WebPage","@id":"https:\/\/www.eduvitanova.com\/index.php\/2023\/05\/27\/roma-tor-vergata-universitesi-akademik-mukemmellik-ve-kulturel-zenginlik-icin-ideal-bir-secenek\/","url":"https:\/\/www.eduvitanova.com\/index.php\/2023\/05\/27\/roma-tor-vergata-universitesi-akademik-mukemmellik-ve-kulturel-zenginlik-icin-ideal-bir-secenek\/","name":"Roma Tor Vergata \u00dcniversitesi: Akademik M\u00fckemmellik ve K\u00fclt\u00fcrel Zenginlik \u0130\u00e7in \u0130deal Bir Se\u00e7enek - Edu Vita Nova \u0130talya E\u011fitim Dan\u0131\u015fmanl\u0131\u011f\u0131","isPartOf":{"@id":"https:\/\/www.eduvitanova.com\/#website"},"primaryImageOfPage":{"@id":"https:\/\/www.eduvitanova.com\/index.php\/2023\/05\/27\/roma-tor-vergata-universitesi-akademik-mukemmellik-ve-kulturel-zenginlik-icin-ideal-bir-secenek\/#primaryimage"},"image":{"@id":"https:\/\/www.eduvitanova.com\/index.php\/2023\/05\/27\/roma-tor-vergata-universitesi-akademik-mukemmellik-ve-kulturel-zenginlik-icin-ideal-bir-secenek\/#primaryimage"},"thumbnailUrl":"https:\/\/www.eduvitanova.com\/wp-content\/uploads\/2023\/05\/Logo-Universita-Roma-Tor-Vergata.png","datePublished":"2023-05-27T22:20:56+00:00","dateModified":"2025-12-19T13:21:52+00:00","description":"Roma Tor Vergata \u00dcniversitesi: K\u00fcresel bir perspektif ile \u00e7e\u015fitli disiplinlerde e\u011fitim, ara\u015ft\u0131rmaya odakl\u0131 ve uluslararas\u0131 bir \u00fcniversite.","breadcrumb":{"@id":"https:\/\/www.eduvitanova.com\/index.php\/2023\/05\/27\/roma-tor-vergata-universitesi-akademik-mukemmellik-ve-kulturel-zenginlik-icin-ideal-bir-secenek\/#breadcrumb"},"inLanguage":"tr","potentialAction":[{"@type":"ReadAction","target":["https:\/\/www.eduvitanova.com\/index.php\/2023\/05\/27\/roma-tor-vergata-universitesi-akademik-mukemmellik-ve-kulturel-zenginlik-icin-ideal-bir-secenek\/"]}]},{"@type":"ImageObject","inLanguage":"tr","@id":"https:\/\/www.eduvitanova.com\/index.php\/2023\/05\/27\/roma-tor-vergata-universitesi-akademik-mukemmellik-ve-kulturel-zenginlik-icin-ideal-bir-secenek\/#primaryimage","url":"https:\/\/www.eduvitanova.com\/wp-content\/uploads\/2023\/05\/Logo-Universita-Roma-Tor-Vergata.png","contentUrl":"https:\/\/www.eduvitanova.com\/wp-content\/uploads\/2023\/05\/Logo-Universita-Roma-Tor-Vergata.png","width":1859,"height":484},{"@type":"BreadcrumbList","@id":"https:\/\/www.eduvitanova.com\/index.php\/2023\/05\/27\/roma-tor-vergata-universitesi-akademik-mukemmellik-ve-kulturel-zenginlik-icin-ideal-bir-secenek\/#breadcrumb","itemListElement":[{"@type":"ListItem","position":1,"name":"Anasayfa","item":"https:\/\/www.eduvitanova.com\/"},{"@type":"ListItem","position":2,"name":"Roma Tor Vergata \u00dcniversitesi: Akademik M\u00fckemmellik ve K\u00fclt\u00fcrel Zenginlik \u0130\u00e7in \u0130deal Bir Se\u00e7enek"}]},{"@type":"WebSite","@id":"https:\/\/www.eduvitanova.com\/#website","url":"https:\/\/www.eduvitanova.com\/","name":"Edu Vita Nova \u0130talya E\u011fitim Dan\u0131\u015fmanl\u0131\u011f\u0131","description":"\u0130talya E\u011fitim Dan\u0131\u015fmanl\u0131\u011f\u0131","publisher":{"@id":"https:\/\/www.eduvitanova.com\/#organization"},"potentialAction":[{"@type":"SearchAction","target":{"@type":"EntryPoint","urlTemplate":"https:\/\/www.eduvitanova.com\/?s={search_term_string}"},"query-input":{"@type":"PropertyValueSpecification","valueRequired":true,"valueName":"search_term_string"}}],"inLanguage":"tr"},{"@type":"Organization","@id":"https:\/\/www.eduvitanova.com\/#organization","name":"Edu Vita Nova \u0130talya E\u011fitim Dan\u0131\u015fmanl\u0131\u011f\u0131","url":"https:\/\/www.eduvitanova.com\/","logo":{"@type":"ImageObject","inLanguage":"tr","@id":"https:\/\/www.eduvitanova.com\/#\/schema\/logo\/image\/","url":"https:\/\/www.eduvitanova.com\/wp-content\/uploads\/2023\/06\/Edu-Vita-Nova-Italya-Egitim-Danismanligi-Logo.png","contentUrl":"https:\/\/www.eduvitanova.com\/wp-content\/uploads\/2023\/06\/Edu-Vita-Nova-Italya-Egitim-Danismanligi-Logo.png","width":1563,"height":1563,"caption":"Edu Vita Nova \u0130talya E\u011fitim Dan\u0131\u015fmanl\u0131\u011f\u0131"},"image":{"@id":"https:\/\/www.eduvitanova.com\/#\/schema\/logo\/image\/"},"sameAs":["https:\/\/www.facebook.com\/EduVitaNova","https:\/\/x.com\/EduVitaNova","https:\/\/www.instagram.com\/EduVitaNova\/","https:\/\/www.youtube.com\/@EduVitaNova"]},{"@type":"Person","@id":"https:\/\/www.eduvitanova.com\/#\/schema\/person\/db5d4b75c98cf2836234f435ff3570e6","name":"EduVitaNova","image":{"@type":"ImageObject","inLanguage":"tr","@id":"https:\/\/www.eduvitanova.com\/#\/schema\/person\/image\/","url":"https:\/\/www.eduvitanova.com\/wp-content\/litespeed\/avatar\/81ebf0c53cc395ddc25778df5efe41f9.jpg?ver=1777588170","contentUrl":"https:\/\/www.eduvitanova.com\/wp-content\/litespeed\/avatar\/81ebf0c53cc395ddc25778df5efe41f9.jpg?ver=1777588170","caption":"EduVitaNova"},"sameAs":["https:\/\/www.eduvitanova.com"],"url":"https:\/\/www.eduvitanova.com\/index.php\/author\/admin\/"}]}},"uagb_featured_image_src":{"full":["https:\/\/www.eduvitanova.com\/wp-content\/uploads\/2023\/05\/Logo-Universita-Roma-Tor-Vergata.png",1859,484,false],"thumbnail":["https:\/\/www.eduvitanova.com\/wp-content\/uploads\/2023\/05\/Logo-Universita-Roma-Tor-Vergata-150x150.png",150,150,true],"medium":["https:\/\/www.eduvitanova.com\/wp-content\/uploads\/2023\/05\/Logo-Universita-Roma-Tor-Vergata-300x78.png",300,78,true],"medium_large":["https:\/\/www.eduvitanova.com\/wp-content\/uploads\/2023\/05\/Logo-Universita-Roma-Tor-Vergata-768x200.png",768,200,true],"large":["https:\/\/www.eduvitanova.com\/wp-content\/uploads\/2023\/05\/Logo-Universita-Roma-Tor-Vergata-1024x267.png",1024,267,true],"1536x1536":["https:\/\/www.eduvitanova.com\/wp-content\/uploads\/2023\/05\/Logo-Universita-Roma-Tor-Vergata-1536x400.png",1536,400,true],"2048x2048":["https:\/\/www.eduvitanova.com\/wp-content\/uploads\/2023\/05\/Logo-Universita-Roma-Tor-Vergata.png",1859,484,false],"bdpp-medium":["https:\/\/www.eduvitanova.com\/wp-content\/uploads\/2023\/05\/Logo-Universita-Roma-Tor-Vergata.png",640,167,false]},"uagb_author_info":{"display_name":"EduVitaNova","author_link":"https:\/\/www.eduvitanova.com\/index.php\/author\/admin\/"},"uagb_comment_info":0,"uagb_excerpt":"Roma Tor Vergata \u00dcniversitesi, \u0130talya&#8217;n\u0131n ba\u015fkenti Roma&#8217;da bulunan ve akademik m\u00fckemmellikle tan\u0131nan bir \u00fcniversitedir. Geni\u015f kapsaml\u0131 lisans ve y\u00fcksek lisans programlar\u0131, ara\u015ft\u0131rma f\u0131rsatlar\u0131 ve zengin k\u00fclt\u00fcrel \u00e7evresi vard\u0131r. B\u00f6ylece, \u00f6\u011frencilere benzersiz bir e\u011fitim deneyimi sunar. Bu blog yaz\u0131s\u0131nda, Roma Tor Vergata \u00dcniversitesi&#8217;nin tarihini, programlar\u0131n\u0131, ara\u015ft\u0131rma faaliyetlerini ve \u00f6\u011frenci ya\u015fam\u0131n\u0131 detayl\u0131 bir \u015fekilde ke\u015ffedece\u011fiz. Akademik M\u00fckemmellik:&hellip;","_links":{"self":[{"href":"https:\/\/www.eduvitanova.com\/index.php\/wp-json\/wp\/v2\/posts\/3274","targetHints":{"allow":["GET"]}}],"collection":[{"href":"https:\/\/www.eduvitanova.com\/index.php\/wp-json\/wp\/v2\/posts"}],"about":[{"href":"https:\/\/www.eduvitanova.com\/index.php\/wp-json\/wp\/v2\/types\/post"}],"author":[{"embeddable":true,"href":"https:\/\/www.eduvitanova.com\/index.php\/wp-json\/wp\/v2\/users\/1"}],"replies":[{"embeddable":true,"href":"https:\/\/www.eduvitanova.com\/index.php\/wp-json\/wp\/v2\/comments?post=3274"}],"version-history":[{"count":6,"href":"https:\/\/www.eduvitanova.com\/index.php\/wp-json\/wp\/v2\/posts\/3274\/revisions"}],"predecessor-version":[{"id":4778,"href":"https:\/\/www.eduvitanova.com\/index.php\/wp-json\/wp\/v2\/posts\/3274\/revisions\/4778"}],"wp:featuredmedia":[{"embeddable":true,"href":"https:\/\/www.eduvitanova.com\/index.php\/wp-json\/wp\/v2\/media\/3275"}],"wp:attachment":[{"href":"https:\/\/www.eduvitanova.com\/index.php\/wp-json\/wp\/v2\/media?parent=3274"}],"wp:term":[{"taxonomy":"category","embeddable":true,"href":"https:\/\/www.eduvitanova.com\/index.php\/wp-json\/wp\/v2\/categories?post=3274"},{"taxonomy":"post_tag","embeddable":true,"href":"https:\/\/www.eduvitanova.com\/index.php\/wp-json\/wp\/v2\/tags?post=3274"}],"curies":[{"name":"wp","href":"https:\/\/api.w.org\/{rel}","templated":true}]}}